{"id":349,"date":"2025-06-30T22:27:03","date_gmt":"2025-07-01T01:27:03","guid":{"rendered":"https:\/\/netfinance.com.ar\/blog\/?p=349"},"modified":"2025-06-30T22:27:03","modified_gmt":"2025-07-01T01:27:03","slug":"ni-vencedores-ni-vencidos","status":"publish","type":"post","link":"https:\/\/netfinance.com.ar\/blog\/2025\/06\/30\/ni-vencedores-ni-vencidos\/","title":{"rendered":"Ni vencedores, ni vencidos"},"content":{"rendered":"\n<p><strong>Algunas reflexiones sobre la actualidad econ\u00f3mica, del mercado y la pol\u00edtica<\/strong><\/p>\n\n\n\n<p><em>*Por Sebasti\u00e1n Bordato, Director Comercial de NetFinance<\/em><\/p>\n\n\n\n<p>LOS MERCADOS no son un agente aislado: la cotizaci\u00f3n de los activos que los integran refleja el valor de empresas, municipios, provincias y estados nacionales que emiten acciones o deuda. Estas entidades, p\u00fablicas o privadas, necesitan financiamiento para llevar adelante sus operaciones.<\/p>\n\n\n\n<p>Esto significa que, dentro de un an\u00e1lisis fundamental de dichas entidades, se encuentran incluidas las reglas de juego que rigen su accionar, definidas por la pol\u00edtica, es decir, por la POL\u00cdTICA ECON\u00d3MICA de un pa\u00eds, de una regi\u00f3n o incluso influenciadas por la geopol\u00edtica internacional.<\/p>\n\n\n\n<p>Quienes ejercemos como agentes de mercados, por supuesto que podemos tener nuestras convicciones o ideales pol\u00edticos. Pero cuando formamos parte de una empresa \u2014con socios, empleados, clientes e inversores\u2014 debemos abstraernos de esas posiciones personales para analizar, de la manera m\u00e1s objetiva posible, las reglas de juego que imponen los gobiernos y cada una de las ramas de la econom\u00eda en su dimensi\u00f3n microecon\u00f3mica.<\/p>\n\n\n\n<p>Hasta hace muy poco, Argentina generaba oportunidades en el sector empresarial como pocas veces se hab\u00edan visto. Como siempre ocurre, los modelos econ\u00f3micos generan ganadores y perdedores.<\/p>\n\n\n\n<p>Durante los \u00faltimos 20 o 30 a\u00f1os, bastaba con alquilar un galp\u00f3n, llenarlo de mercader\u00eda y sentarse arriba: con cr\u00e9dito licuado como un \u201cmilkshake\u201d, uno se hac\u00eda sencillamente rico. Por supuesto, esto era viable con mano de obra barata y facturando solo una parte de lo que realmente se comercializaba.<\/p>\n\n\n\n<p>Otro grupo claramente beneficiado era el de los participantes del sistema pol\u00edtico, que mediante el saqueo y la corrupci\u00f3n engrosaban sus patrimonios personales con el dinero de los pocos contribuyentes que no pod\u00edan escapar de las garras de la ex AFIP. Resultado: m\u00e1s impuestos para menos aportantes, llev\u00e1ndolos a la clandestinidad absoluta, seg\u00fan lo ha reconocido incluso el propio Gobierno.<\/p>\n\n\n\n<p>Los perdedores eran silenciosos y muchos. Cada uno de nosotros, pero especialmente los sectores m\u00e1s vulnerables, experimentaban una ilusi\u00f3n monetaria que lentamente se convirti\u00f3 en una m\u00e1quina de fabricar pobres. Ya lo hab\u00eda dicho N\u00e9stor Kirchner en 2004: &#8220;Un poco de inflaci\u00f3n est\u00e1 bien.&#8221;<\/p>\n\n\n\n<p>Frente a esto, surge una pregunta ineludible en relaci\u00f3n con el gobierno actual: cuando uno es chico, \u00bfa qui\u00e9n le exige m\u00e1s? \u00bfA sus padres o a los padres de sus amigos? Y cuando uno se convierte en adulto, \u00bfa qui\u00e9n le exige m\u00e1s? \u00bfA sus hijos o a los hijos de los amigos?<\/p>\n\n\n\n<p>El autoritarismo no es bueno, ni del lado de los socialistas ni del lado de los conservadores o&nbsp; libertarios.<\/p>\n\n\n\n<p>Este gobierno, el de Javier Milei, pareciera condenar m\u00e1s a los propios que a los ajenos. Y as\u00ed nacen los MANDRILES, economistas reconocidos y con trayectoria, que exigen al Gobierno actual algunas respuestas concretas sobre interrogantes que a\u00fan no tienen soluci\u00f3n.<\/p>\n\n\n\n<p>\u2014&#8221;Vamos un a\u00f1o y medio de mandato&#8221;, dicen de su lado.<\/p>\n\n\n\n<p>\u2014&#8221;\u00cdbamos camino a una h\u00edper&#8221;, gritan desde la tribuna.<\/p>\n\n\n\n<p>Y ambas afirmaciones son verdaderas. Pero tambi\u00e9n es verdad que Javier Milei es un pol\u00edtico hecho y derecho, aunque se niegue a reconocerse como tal. En este contexto, donde el relato se disocia de la realidad, surgen, o mentiras muy claras para algunos, o postulados al menos de dudosa concreci\u00f3n para otros, como las de muchos pol\u00edticos:<\/p>\n\n\n\n<p>La dolarizaci\u00f3n<\/p>\n\n\n\n<p>El cierre del BCRA<\/p>\n\n\n\n<p>La promesa de tener 50 mil millones de d\u00f3lares de reservas<\/p>\n\n\n\n<p>\u201cVamos al piso de la banda\u201d<\/p>\n\n\n\n<p>\u201cTendremos inversores mediante el RIGI\u201d<\/p>\n\n\n\n<p>\u201cVamos a 500 puntos de riesgo pa\u00eds en breve\u201d<\/p>\n\n\n\n<p>\u201cBajaremos los impuestos\u201d<\/p>\n\n\n\n<p>La reducci\u00f3n de precios en la econom\u00eda es un b\u00e1lsamo para el consumidor final, especialmente en el AMBA. Ese hecho econ\u00f3mico es innegable. Pero, \u00bfes el resultado de un deseo sincero de estabilizaci\u00f3n o una estrategia electoral para lograr una buena performance en las elecciones de medio t\u00e9rmino, en un gobierno que asumi\u00f3 con el menor respaldo legislativo de la historia, tanto en las c\u00e1maras como en los gobernadores?<\/p>\n\n\n\n<p>\u00bfVale todo para lograr ese objetivo?<\/p>\n\n\n\n<p>Porque lo cierto es que las acciones y bonos para el a\u00f1o 2025 reflejan un deterioro en comparaci\u00f3n con el 2024. \u00bfNo era que ven\u00eda la era de una econom\u00eda pr\u00f3spera, sana y llena de inversores?<\/p>\n\n\n\n<p>\u00bfSomos un pa\u00eds en v\u00edsperas de una bonanza imparable, al estilo del milagro celta?<\/p>\n","protected":false},"excerpt":{"rendered":"<p>Algunas reflexiones sobre la actualidad econ\u00f3mica, del mercado y la pol\u00edtica *Por Sebasti\u00e1n Bordato, Director Comercial de NetFinance LOS MERCADOS no son un agente aislado: la cotizaci\u00f3n de los activos que los integran refleja el valor de empresas, municipios, provincias y estados nacionales que emiten acciones o deuda. Estas entidades, p\u00fablicas o privadas, necesitan financiamiento [&hellip;]<\/p>\n","protected":false},"author":6,"featured_media":0,"comment_status":"open","ping_status":"open","sticky":false,"template":"","format":"standard","meta":{"footnotes":""},"categories":[1],"tags":[19,77,44,8,9,78,11,76,4],"class_list":["post-349","post","type-post","status-publish","format-standard","hentry","category-resumen-de-la-semana","tag-argentina","tag-crecimiento","tag-crecimiento-pyme","tag-economia","tag-finanzas","tag-inflacion","tag-mercados","tag-microeconomia","tag-novedades-economicas"],"_links":{"self":[{"href":"https:\/\/netfinance.com.ar\/blog\/wp-json\/wp\/v2\/posts\/349","targetHints":{"allow":["GET"]}}],"collection":[{"href":"https:\/\/netfinance.com.ar\/blog\/wp-json\/wp\/v2\/posts"}],"about":[{"href":"https:\/\/netfinance.com.ar\/blog\/wp-json\/wp\/v2\/types\/post"}],"author":[{"embeddable":true,"href":"https:\/\/netfinance.com.ar\/blog\/wp-json\/wp\/v2\/users\/6"}],"replies":[{"embeddable":true,"href":"https:\/\/netfinance.com.ar\/blog\/wp-json\/wp\/v2\/comments?post=349"}],"version-history":[{"count":1,"href":"https:\/\/netfinance.com.ar\/blog\/wp-json\/wp\/v2\/posts\/349\/revisions"}],"predecessor-version":[{"id":350,"href":"https:\/\/netfinance.com.ar\/blog\/wp-json\/wp\/v2\/posts\/349\/revisions\/350"}],"wp:attachment":[{"href":"https:\/\/netfinance.com.ar\/blog\/wp-json\/wp\/v2\/media?parent=349"}],"wp:term":[{"taxonomy":"category","embeddable":true,"href":"https:\/\/netfinance.com.ar\/blog\/wp-json\/wp\/v2\/categories?post=349"},{"taxonomy":"post_tag","embeddable":true,"href":"https:\/\/netfinance.com.ar\/blog\/wp-json\/wp\/v2\/tags?post=349"}],"curies":[{"name":"wp","href":"https:\/\/api.w.org\/{rel}","templated":true}]}}